{"id":3352,"date":"2024-05-02T14:48:55","date_gmt":"2024-05-02T12:48:55","guid":{"rendered":"https:\/\/vigo.wordcamp.org\/2024\/?p=3352"},"modified":"2024-05-02T14:48:55","modified_gmt":"2024-05-02T12:48:55","slug":"empieza-la-cuenta-atras","status":"publish","type":"post","link":"https:\/\/vigo.wordcamp.org\/2024\/empieza-la-cuenta-atras\/","title":{"rendered":"Empieza la cuenta atr\u00e1s para la 1\u00aa WordCamp Vigo"},"content":{"rendered":"\n<p class=\"wp-block-paragraph\">Marca tus calendarios del 24 al 26 de Mayo, porque Vigo se va a convertir en el epicentro del talento local en el mundo <strong>WordPress<\/strong> con la llegada de la primera <strong>WordCamp Vigo<\/strong>.<\/p>\n\n\n\n<p class=\"wp-block-paragraph\">Desde sus comienzos como la <strong>MeetUp WordPress Vigo<\/strong> en 2018, hasta convertirse en un movimiento con m\u00e1s de 1600 asistentes y 48 eventos celebrados, \u00a1ha llegado el momento de elevar la comunidad a un nuevo nivel!<\/p>\n\n\n\n<p class=\"wp-block-paragraph\">Bajo el lema \u00ab<strong>WordPress se escribe con V de Vigo<\/strong>\u00ab, esta <strong>WordCamp<\/strong> est\u00e1 destinada a ser m\u00e1s que un simple evento. Ser\u00e1 un homenaje al talento local que ha florecido en la escena de <strong>WordPress<\/strong> a lo largo de los a\u00f1os. Desde desarrolladores hasta dise\u00f1adores, bloggers hasta empresarios, \u00a1todos est\u00e1n invitados a ser parte de esta experiencia \u00fanica!<\/p>\n\n\n\n<h2 class=\"wp-block-heading\">Qu\u00e9 puedes esperar de la WordCamp Vigo 2024<\/h2>\n\n\n\n<p class=\"wp-block-paragraph\">Ponentes inspiradores compartiendo sus conocimientos y experiencias, talleres pr\u00e1cticos para mejorar tus habilidades, oportunidades de networking para conectar con otros apasionados de <strong>WordPress<\/strong>, y por supuesto, \u00a1un ambiente vibrante y lleno de energ\u00eda que solo Vigo puede ofrecer!<\/p>\n\n\n\n<p class=\"wp-block-paragraph\">Ya seas un experto en <strong>WordPress<\/strong> o un reci\u00e9n llegado curioso, esta <strong>WordCamp<\/strong> est\u00e1 dise\u00f1ada para ti. \u00a1Atr\u00e9vete a sumergirte en un mundo de aprendizaje, colaboraci\u00f3n y celebraci\u00f3n!<\/p>\n\n\n\n<p class=\"wp-block-paragraph\">\u00bfListo para unirte a la revoluci\u00f3n <strong>WordPress en Vigo<\/strong>? \u00a1<a href=\"https:\/\/vigo.wordcamp.org\/2024\/comprar-entradas\/\" data-type=\"page\" data-id=\"13\">Consigue tu entrada ahora<\/a> y s\u00e9 parte de la historia!<\/p>\n\n\n\n<p class=\"wp-block-paragraph\"><\/p>\n","protected":false},"excerpt":{"rendered":"<p>Marca tus calendarios del 24 al 26 de Mayo, porque Vigo se va a convertir en el epicentro del talento local en el mundo WordPress con la llegada de la primera WordCamp Vigo. Desde sus comienzos como la MeetUp WordPress Vigo en 2018, hasta convertirse en un movimiento con m\u00e1s de 1600 asistentes y 48 [&hellip;]<\/p>\n","protected":false},"author":89805,"featured_media":3353,"comment_status":"closed","ping_status":"closed","sticky":false,"template":"single-with-sidebar","format":"standard","meta":{"_crdt_document":"","advanced_seo_description":"","jetpack_seo_html_title":"","jetpack_seo_noindex":false,"jetpack_post_was_ever_published":false,"_jetpack_newsletter_access":"","_jetpack_dont_email_post_to_subs":false,"_jetpack_newsletter_tier_id":0,"_jetpack_memberships_contains_paywalled_content":false,"_jetpack_memberships_contains_paid_content":false,"footnotes":""},"categories":[49,59],"tags":[],"class_list":["post-3352","post","type-post","status-publish","format-standard","has-post-thumbnail","hentry","category-vigo","category-wordcamp"],"jetpack_featured_media_url":"https:\/\/i0.wp.com\/vigo.wordcamp.org\/2024\/files\/2024\/04\/mar-de-vigo.jpeg?fit=1000%2C666&ssl=1","jetpack_sharing_enabled":true,"jetpack_likes_enabled":true,"jetpack_shortlink":"https:\/\/wp.me\/pftev6-S4","_links":{"self":[{"href":"https:\/\/vigo.wordcamp.org\/2024\/wp-json\/wp\/v2\/posts\/3352","targetHints":{"allow":["GET"]}}],"collection":[{"href":"https:\/\/vigo.wordcamp.org\/2024\/wp-json\/wp\/v2\/posts"}],"about":[{"href":"https:\/\/vigo.wordcamp.org\/2024\/wp-json\/wp\/v2\/types\/post"}],"author":[{"embeddable":true,"href":"https:\/\/vigo.wordcamp.org\/2024\/wp-json\/wp\/v2\/users\/89805"}],"replies":[{"embeddable":true,"href":"https:\/\/vigo.wordcamp.org\/2024\/wp-json\/wp\/v2\/comments?post=3352"}],"version-history":[{"count":5,"href":"https:\/\/vigo.wordcamp.org\/2024\/wp-json\/wp\/v2\/posts\/3352\/revisions"}],"predecessor-version":[{"id":3458,"href":"https:\/\/vigo.wordcamp.org\/2024\/wp-json\/wp\/v2\/posts\/3352\/revisions\/3458"}],"wp:featuredmedia":[{"embeddable":true,"href":"https:\/\/vigo.wordcamp.org\/2024\/wp-json\/wp\/v2\/media\/3353"}],"wp:attachment":[{"href":"https:\/\/vigo.wordcamp.org\/2024\/wp-json\/wp\/v2\/media?parent=3352"}],"wp:term":[{"taxonomy":"category","embeddable":true,"href":"https:\/\/vigo.wordcamp.org\/2024\/wp-json\/wp\/v2\/categories?post=3352"},{"taxonomy":"post_tag","embeddable":true,"href":"https:\/\/vigo.wordcamp.org\/2024\/wp-json\/wp\/v2\/tags?post=3352"}],"curies":[{"name":"wp","href":"https:\/\/api.w.org\/{rel}","templated":true}]}}