{"id":2666,"date":"2024-04-16T23:03:51","date_gmt":"2024-04-16T21:03:51","guid":{"rendered":"https:\/\/vigo.wordcamp.org\/2024\/?p=2666"},"modified":"2024-04-17T02:13:53","modified_gmt":"2024-04-17T00:13:53","slug":"wordcamp-se-escribe-con-v-de-vigo","status":"publish","type":"post","link":"https:\/\/vigo.wordcamp.org\/2024\/wordcamp-se-escribe-con-v-de-vigo\/","title":{"rendered":"WordCamp se escribe con V de Vigo"},"content":{"rendered":"\n<p class=\"wp-block-paragraph\">\u00ab<strong>La movida<\/strong>\u00bb en Vigo durante los a\u00f1os 80 fue parte de un movimiento cultural y contracultural que se extendi\u00f3 por varias ciudades espa\u00f1olas, especialmente Madrid y Barcelona. <\/p>\n\n\n\n<p class=\"wp-block-paragraph\">En Vigo, este movimiento se caracteriz\u00f3 por una explosi\u00f3n de creatividad en diversas manifestaciones art\u00edsticas, incluyendo la m\u00fasica, el arte, el cine y la moda. Bandas locales emergieron con un estilo propio, fusionando influencias de la new wave, el punk y el pop, creando as\u00ed un sonido distintivo. <\/p>\n\n\n\n<p class=\"wp-block-paragraph\">Los j\u00f3venes se reun\u00edan en locales como <strong>La Iguana Club<\/strong> y el <strong>Caf\u00e9 de Catro a Catro<\/strong> para disfrutar de conciertos en vivo y exhibiciones de arte alternativo. Este per\u00edodo fue una \u00e9poca de libertad creativa y experimentaci\u00f3n, donde se cuestionaban las normas establecidas y se buscaba expresar la identidad individual y colectiva de una generaci\u00f3n.<\/p>\n\n\n\n<p class=\"wp-block-paragraph\"><strong>La movida viguesa<\/strong> dej\u00f3 un legado cultural importante en la ciudad, influyendo en la escena art\u00edstica local hasta el d\u00eda de hoy.<\/p>\n\n\n\n<h2 class=\"wp-block-heading\">&#8216;La Movida&#8217; y &#8216;La WordCamp&#8217; de Vigo<\/h2>\n\n\n\n<p class=\"wp-block-paragraph\">Es m\u00e1s que un simple eslogan, es un llamada a la acci\u00f3n que captura el esp\u00edritu vibrante y creativo de la ciudad. Al igual que la movida en los a\u00f1os 80 transform\u00f3 Vigo en un centro cultural emergente, la celebraci\u00f3n de una <strong>WordCamp<\/strong> en esta ciudad representa un renacimiento digital.<\/p>\n\n\n\n<p class=\"wp-block-paragraph\"><strong>Vigo<\/strong>, con su rica historia de expresi\u00f3n art\u00edstica y experimentaci\u00f3n, ahora se convierte en el escenario perfecto para un evento que celebra la innovaci\u00f3n en el desarrollo web. Del mismo modo que las bandas locales forjaron su propio sonido \u00fanico en medio de la efervescencia cultural de la movida, los profesionales y entusiastas de <strong>WordPress<\/strong> en <strong>Vigo<\/strong> est\u00e1n creando su propio espacio en el panorama digital.<\/p>\n\n\n\n<p class=\"wp-block-paragraph\">Esta <strong>WordCamp<\/strong> no solo es una oportunidad para aprender y compartir conocimientos sobre <strong>WordPress<\/strong>, sino que tambi\u00e9n es un s\u00edmbolo del <strong>potencial creativo y emprendedor de Vigo<\/strong>. Desde dise\u00f1adores hasta desarrolladores, empresarios hasta bloggers, todos tienen un lugar en esta comunidad digital en crecimiento.<\/p>\n\n\n\n<p class=\"wp-block-paragraph\">As\u00ed como \u00ab<strong>Madrid se escribe con V de Vigo<\/strong>\u00bb fue el grito de guerra de una generaci\u00f3n que desafiaba las normas establecidas, \u00ab<strong>WordCamp se escribe con V de Vigo<\/strong>\u00bb es un recordatorio de que esta ciudad est\u00e1 escribiendo su propio cap\u00edtulo en la historia del desarrollo web, y todos est\u00e1n invitados a ser parte de esta emocionante aventura.<\/p>\n","protected":false},"excerpt":{"rendered":"<p>\u00abLa movida\u00bb en Vigo durante los a\u00f1os 80 fue parte de un movimiento cultural y contracultural que se extendi\u00f3 por varias ciudades espa\u00f1olas, especialmente Madrid y Barcelona. <\/p>\n","protected":false},"author":89805,"featured_media":2762,"comment_status":"closed","ping_status":"","sticky":false,"template":"single-with-sidebar","format":"standard","meta":{"_crdt_document":"","advanced_seo_description":"","jetpack_seo_html_title":"","jetpack_seo_noindex":false,"jetpack_post_was_ever_published":false,"_jetpack_newsletter_access":"","_jetpack_dont_email_post_to_subs":false,"_jetpack_newsletter_tier_id":0,"_jetpack_memberships_contains_paywalled_content":false,"_jetpack_memberships_contains_paid_content":false,"footnotes":""},"categories":[1,49],"tags":[],"class_list":["post-2666","post","type-post","status-publish","format-standard","has-post-thumbnail","hentry","category-novedades","category-vigo"],"jetpack_featured_media_url":"https:\/\/i0.wp.com\/vigo.wordcamp.org\/2024\/files\/2024\/04\/madrid-se-escribe-con-v-de-vigo-scaled.jpg?fit=2560%2C1722&ssl=1","jetpack_sharing_enabled":true,"jetpack_likes_enabled":true,"jetpack_shortlink":"https:\/\/wp.me\/pftev6-H0","_links":{"self":[{"href":"https:\/\/vigo.wordcamp.org\/2024\/wp-json\/wp\/v2\/posts\/2666","targetHints":{"allow":["GET"]}}],"collection":[{"href":"https:\/\/vigo.wordcamp.org\/2024\/wp-json\/wp\/v2\/posts"}],"about":[{"href":"https:\/\/vigo.wordcamp.org\/2024\/wp-json\/wp\/v2\/types\/post"}],"author":[{"embeddable":true,"href":"https:\/\/vigo.wordcamp.org\/2024\/wp-json\/wp\/v2\/users\/89805"}],"replies":[{"embeddable":true,"href":"https:\/\/vigo.wordcamp.org\/2024\/wp-json\/wp\/v2\/comments?post=2666"}],"version-history":[{"count":8,"href":"https:\/\/vigo.wordcamp.org\/2024\/wp-json\/wp\/v2\/posts\/2666\/revisions"}],"predecessor-version":[{"id":2761,"href":"https:\/\/vigo.wordcamp.org\/2024\/wp-json\/wp\/v2\/posts\/2666\/revisions\/2761"}],"wp:featuredmedia":[{"embeddable":true,"href":"https:\/\/vigo.wordcamp.org\/2024\/wp-json\/wp\/v2\/media\/2762"}],"wp:attachment":[{"href":"https:\/\/vigo.wordcamp.org\/2024\/wp-json\/wp\/v2\/media?parent=2666"}],"wp:term":[{"taxonomy":"category","embeddable":true,"href":"https:\/\/vigo.wordcamp.org\/2024\/wp-json\/wp\/v2\/categories?post=2666"},{"taxonomy":"post_tag","embeddable":true,"href":"https:\/\/vigo.wordcamp.org\/2024\/wp-json\/wp\/v2\/tags?post=2666"}],"curies":[{"name":"wp","href":"https:\/\/api.w.org\/{rel}","templated":true}]}}